{"id":1796,"date":"2022-03-22T19:06:30","date_gmt":"2022-03-22T22:06:30","guid":{"rendered":"https:\/\/giornale.com.br\/ns\/?p=1796"},"modified":"2022-03-24T20:02:39","modified_gmt":"2022-03-24T23:02:39","slug":"formacion-que-transforma","status":"publish","type":"post","link":"https:\/\/giornale.com.br\/ns\/formacion-que-transforma\/","title":{"rendered":"Formaci\u00f3n que transforma"},"content":{"rendered":"\t\t<div data-elementor-type=\"wp-post\" data-elementor-id=\"1796\" class=\"elementor elementor-1796\" data-elementor-settings=\"[]\">\n\t\t\t\t\t\t\t<div class=\"elementor-section-wrap\">\n\t\t\t\t\t\t\t<section class=\"elementor-section elementor-top-section elementor-element elementor-element-1f8235b4 elementor-section-full_width elementor-hidden-mobile elementor-section-height-default elementor-section-height-default\" data-id=\"1f8235b4\" data-element_type=\"section\">\n\t\t\t\t\t\t<div class=\"elementor-container elementor-column-gap-default\">\n\t\t\t\t\t<div class=\"elementor-column elementor-col-50 elementor-top-column elementor-element elementor-element-5303500b\" data-id=\"5303500b\" data-element_type=\"column\">\n\t\t\t<div class=\"elementor-widget-wrap elementor-element-populated\">\n\t\t\t\t\t\t\t\t<div class=\"elementor-element elementor-element-6c40ad8c elementor-widget elementor-widget-heading\" data-id=\"6c40ad8c\" data-element_type=\"widget\" data-widget_type=\"heading.default\">\n\t\t\t\t<div class=\"elementor-widget-container\">\n\t\t\t<style>\/*! elementor - v3.5.6 - 28-02-2022 *\/\n.elementor-heading-title{padding:0;margin:0;line-height:1}.elementor-widget-heading .elementor-heading-title[class*=elementor-size-]>a{color:inherit;font-size:inherit;line-height:inherit}.elementor-widget-heading .elementor-heading-title.elementor-size-small{font-size:15px}.elementor-widget-heading .elementor-heading-title.elementor-size-medium{font-size:19px}.elementor-widget-heading .elementor-heading-title.elementor-size-large{font-size:29px}.elementor-widget-heading .elementor-heading-title.elementor-size-xl{font-size:39px}.elementor-widget-heading .elementor-heading-title.elementor-size-xxl{font-size:59px}<\/style><h4 class=\"elementor-heading-title elementor-size-default\">CUANTO M\u00c1S CONOCIMIENTO TENEMOS, M\u00c1S\nCALIFICADOS ESTAREMOS, DESARROLLANDONOS\nPERSONAL Y PROFESIONALMENTE.\n<\/h4>\t\t<\/div>\n\t\t\t\t<\/div>\n\t\t\t\t<div class=\"elementor-element elementor-element-24c9d6d elementor-widget elementor-widget-text-editor\" data-id=\"24c9d6d\" data-element_type=\"widget\" data-widget_type=\"text-editor.default\">\n\t\t\t\t<div class=\"elementor-widget-container\">\n\t\t\t<style>\/*! elementor - v3.5.6 - 28-02-2022 *\/\n.elementor-widget-text-editor.elementor-drop-cap-view-stacked .elementor-drop-cap{background-color:#818a91;color:#fff}.elementor-widget-text-editor.elementor-drop-cap-view-framed .elementor-drop-cap{color:#818a91;border:3px solid;background-color:transparent}.elementor-widget-text-editor:not(.elementor-drop-cap-view-default) .elementor-drop-cap{margin-top:8px}.elementor-widget-text-editor:not(.elementor-drop-cap-view-default) .elementor-drop-cap-letter{width:1em;height:1em}.elementor-widget-text-editor .elementor-drop-cap{float:left;text-align:center;line-height:1;font-size:50px}.elementor-widget-text-editor .elementor-drop-cap-letter{display:inline-block}<\/style>\t\t\t\t<p><span style=\"font-weight: 400;\">Andrea Chaverra de Colombia comparti\u00f3 sus pensamientos sobre la necesidad de capacitaci\u00f3n constante, y Roberto Gir\u00f3n, de Guatemala, cont\u00f3 sobre un entrenamiento que fue inolvidable. \u00a1Lea!<\/span><\/p>\t\t\t\t\t\t<\/div>\n\t\t\t\t<\/div>\n\t\t\t\t<div class=\"elementor-element elementor-element-2a5f2c36 elementor-widget elementor-widget-image\" data-id=\"2a5f2c36\" data-element_type=\"widget\" data-widget_type=\"image.default\">\n\t\t\t\t<div class=\"elementor-widget-container\">\n\t\t\t<style>\/*! elementor - v3.5.6 - 28-02-2022 *\/\n.elementor-widget-image{text-align:center}.elementor-widget-image a{display:inline-block}.elementor-widget-image a img[src$=\".svg\"]{width:48px}.elementor-widget-image img{vertical-align:middle;display:inline-block}<\/style>\t\t\t\t\t\t\t\t\t<figure class=\"wp-caption\">\n\t\t\t\t\t\t\t\t\t\t<img loading=\"lazy\" decoding=\"async\" width=\"750\" height=\"422\" src=\"https:\/\/giornale.com.br\/ns\/wp-content\/uploads\/2022\/03\/qualificacao-01.jpg\" class=\"attachment-large size-large\" alt=\"\" srcset=\"https:\/\/giornale.com.br\/ns\/wp-content\/uploads\/2022\/03\/qualificacao-01.jpg 800w, https:\/\/giornale.com.br\/ns\/wp-content\/uploads\/2022\/03\/qualificacao-01-300x169.jpg 300w, https:\/\/giornale.com.br\/ns\/wp-content\/uploads\/2022\/03\/qualificacao-01-768x432.jpg 768w\" sizes=\"(max-width: 750px) 100vw, 750px\" style=\"width:100%;height:56.25%;max-width:800px\" \/>\t\t\t\t\t\t\t\t\t\t\t<figcaption class=\"widget-image-caption wp-caption-text\">Entrenamiento en Colombia. Solamente con conocimiento vamos m\u00e1s lejos<\/figcaption>\n\t\t\t\t\t\t\t\t\t\t<\/figure>\n\t\t\t\t\t\t\t\t\t<\/div>\n\t\t\t\t<\/div>\n\t\t\t\t\t<\/div>\n\t\t<\/div>\n\t\t\t\t<div class=\"elementor-column elementor-col-50 elementor-top-column elementor-element elementor-element-4743513b\" data-id=\"4743513b\" data-element_type=\"column\" data-settings=\"{&quot;background_background&quot;:&quot;classic&quot;}\">\n\t\t\t<div class=\"elementor-widget-wrap elementor-element-populated\">\n\t\t\t\t\t\t\t\t<div class=\"elementor-element elementor-element-29d8b1a elementor-widget elementor-widget-image\" data-id=\"29d8b1a\" data-element_type=\"widget\" data-widget_type=\"image.default\">\n\t\t\t\t<div class=\"elementor-widget-container\">\n\t\t\t\t\t\t\t\t\t\t\t\t\t\t\t<img loading=\"lazy\" decoding=\"async\" width=\"750\" height=\"750\" src=\"https:\/\/giornale.com.br\/ns\/wp-content\/uploads\/2022\/03\/qualificacao-02.jpg\" class=\"attachment-large size-large\" alt=\"\" srcset=\"https:\/\/giornale.com.br\/ns\/wp-content\/uploads\/2022\/03\/qualificacao-02.jpg 800w, https:\/\/giornale.com.br\/ns\/wp-content\/uploads\/2022\/03\/qualificacao-02-300x300.jpg 300w, https:\/\/giornale.com.br\/ns\/wp-content\/uploads\/2022\/03\/qualificacao-02-150x150.jpg 150w, https:\/\/giornale.com.br\/ns\/wp-content\/uploads\/2022\/03\/qualificacao-02-768x768.jpg 768w\" sizes=\"(max-width: 750px) 100vw, 750px\" style=\"width:100%;height:100%;max-width:800px\" \/>\t\t\t\t\t\t\t\t\t\t\t\t\t\t\t<\/div>\n\t\t\t\t<\/div>\n\t\t\t\t<div class=\"elementor-element elementor-element-3595ecd8 elementor-widget elementor-widget-text-editor\" data-id=\"3595ecd8\" data-element_type=\"widget\" data-widget_type=\"text-editor.default\">\n\t\t\t\t<div class=\"elementor-widget-container\">\n\t\t\t\t\t\t\t<p><span style=\"font-weight: 400;\">\u201cLa formaci\u00f3n no es preparaci\u00f3n para la vida; la formaci\u00f3n<\/span><span style=\"font-weight: 400;\">\u00a0es la propia vida\u201d.<\/span><\/p><p>\u00a0<\/p><p><strong>John Dewey, fil\u00f3sofo y pedagogo norteamericano (1859-1952).<\/strong><\/p>\t\t\t\t\t\t<\/div>\n\t\t\t\t<\/div>\n\t\t\t\t\t<\/div>\n\t\t<\/div>\n\t\t\t\t\t\t\t<\/div>\n\t\t<\/section>\n\t\t\t\t<section class=\"elementor-section elementor-top-section elementor-element elementor-element-1852232c elementor-hidden-mobile elementor-section-boxed elementor-section-height-default elementor-section-height-default\" data-id=\"1852232c\" data-element_type=\"section\">\n\t\t\t\t\t\t<div class=\"elementor-container elementor-column-gap-default\">\n\t\t\t\t\t<div class=\"elementor-column elementor-col-50 elementor-top-column elementor-element elementor-element-7d81c636\" data-id=\"7d81c636\" data-element_type=\"column\">\n\t\t\t<div class=\"elementor-widget-wrap elementor-element-populated\">\n\t\t\t\t\t\t\t\t<div class=\"elementor-element elementor-element-4648322a elementor-widget elementor-widget-image\" data-id=\"4648322a\" data-element_type=\"widget\" data-widget_type=\"image.default\">\n\t\t\t\t<div class=\"elementor-widget-container\">\n\t\t\t\t\t\t\t\t\t\t\t\t\t\t\t<img loading=\"lazy\" decoding=\"async\" width=\"750\" height=\"750\" src=\"https:\/\/giornale.com.br\/ns\/wp-content\/uploads\/2022\/03\/qualificacao-03.jpg\" class=\"attachment-large size-large\" alt=\"\" srcset=\"https:\/\/giornale.com.br\/ns\/wp-content\/uploads\/2022\/03\/qualificacao-03.jpg 800w, https:\/\/giornale.com.br\/ns\/wp-content\/uploads\/2022\/03\/qualificacao-03-300x300.jpg 300w, https:\/\/giornale.com.br\/ns\/wp-content\/uploads\/2022\/03\/qualificacao-03-150x150.jpg 150w, https:\/\/giornale.com.br\/ns\/wp-content\/uploads\/2022\/03\/qualificacao-03-768x768.jpg 768w\" sizes=\"(max-width: 750px) 100vw, 750px\" style=\"width:100%;height:100%;max-width:800px\" \/>\t\t\t\t\t\t\t\t\t\t\t\t\t\t\t<\/div>\n\t\t\t\t<\/div>\n\t\t\t\t\t<\/div>\n\t\t<\/div>\n\t\t\t\t<div class=\"elementor-column elementor-col-50 elementor-top-column elementor-element elementor-element-4aa53c65\" data-id=\"4aa53c65\" data-element_type=\"column\">\n\t\t\t<div class=\"elementor-widget-wrap elementor-element-populated\">\n\t\t\t\t\t\t\t\t<div class=\"elementor-element elementor-element-73cafbfc elementor-widget elementor-widget-text-editor\" data-id=\"73cafbfc\" data-element_type=\"widget\" data-widget_type=\"text-editor.default\">\n\t\t\t\t<div class=\"elementor-widget-container\">\n\t\t\t\t\t\t\t<p><span style=\"font-weight: 400;\">\u201cLa formaci\u00f3n personal y profesional nos aporta conocimientos, pero tambi\u00e9n habilidades y confianza en el d\u00eda a d\u00eda. Tener capacitaci\u00f3n continua nos ayuda a construir un camino preciso en este mundo donde los cambios y la evoluci\u00f3n son constantes, con la necesidad de estar siempre a la vanguardia.<\/span><\/p><p>\u00a0<\/p><p><span style=\"font-weight: 400;\">El mercado laboral es acelerado y las empresas tienen un panorama altamente competitivo. Es por eso que debemos prepararnos para enfrentar los desaf\u00edos tanto en t\u00e9rminos de habilidades t\u00e9cnicas como de habilidades sociales.<\/span><\/p><p>\u00a0<\/p><p><span style=\"font-weight: 400;\">En STIHL recibimos capacitaci\u00f3n permanente. El conocimiento de la marca y del producto nos da una sensaci\u00f3n de pertenencia y aumenta nuestras capacidades.<\/span><\/p><p>\u00a0<\/p><p><span style=\"font-weight: 400;\">Gracias a esta formaci\u00f3n seremos capaces de alcanzar con \u00e9xito los objetivos que nos propongamos y afrontaremos nuevos retos. Esto tiene un impacto positivo en nuestra motivaci\u00f3n laboral y satisfacci\u00f3n personal\u201d.<\/span><\/p><p>\u00a0<\/p><p><strong>Andrea Chaverra, Gerente de Mercadeo STIHL Colombia<\/strong><\/p>\t\t\t\t\t\t<\/div>\n\t\t\t\t<\/div>\n\t\t\t\t\t<\/div>\n\t\t<\/div>\n\t\t\t\t\t\t\t<\/div>\n\t\t<\/section>\n\t\t\t\t<section class=\"elementor-section elementor-top-section elementor-element elementor-element-786bda28 elementor-hidden-mobile elementor-section-boxed elementor-section-height-default elementor-section-height-default\" data-id=\"786bda28\" data-element_type=\"section\">\n\t\t\t\t\t\t<div class=\"elementor-container elementor-column-gap-default\">\n\t\t\t\t\t<div class=\"elementor-column elementor-col-50 elementor-top-column elementor-element elementor-element-22b248fc\" data-id=\"22b248fc\" data-element_type=\"column\">\n\t\t\t<div class=\"elementor-widget-wrap\">\n\t\t\t\t\t\t\t\t\t<\/div>\n\t\t<\/div>\n\t\t\t\t<div class=\"elementor-column elementor-col-50 elementor-top-column elementor-element elementor-element-71deeca0\" data-id=\"71deeca0\" data-element_type=\"column\">\n\t\t\t<div class=\"elementor-widget-wrap elementor-element-populated\">\n\t\t\t\t\t\t\t\t<div class=\"elementor-element elementor-element-22042c78 elementor-widget elementor-widget-image\" data-id=\"22042c78\" data-element_type=\"widget\" data-widget_type=\"image.default\">\n\t\t\t\t<div class=\"elementor-widget-container\">\n\t\t\t\t\t\t\t\t\t\t\t\t<figure class=\"wp-caption\">\n\t\t\t\t\t\t\t\t\t\t<img loading=\"lazy\" decoding=\"async\" width=\"750\" height=\"422\" src=\"https:\/\/giornale.com.br\/ns\/wp-content\/uploads\/2022\/03\/qualificacao-04.jpg\" class=\"attachment-large size-large\" alt=\"\" srcset=\"https:\/\/giornale.com.br\/ns\/wp-content\/uploads\/2022\/03\/qualificacao-04.jpg 800w, https:\/\/giornale.com.br\/ns\/wp-content\/uploads\/2022\/03\/qualificacao-04-300x169.jpg 300w, https:\/\/giornale.com.br\/ns\/wp-content\/uploads\/2022\/03\/qualificacao-04-768x432.jpg 768w\" sizes=\"(max-width: 750px) 100vw, 750px\" style=\"width:100%;height:56.25%;max-width:800px\" \/>\t\t\t\t\t\t\t\t\t\t\t<figcaption class=\"widget-image-caption wp-caption-text\">Semanario \u201cTrain the Trainer\u201d realizado en Brasil, marc\u00f3 al equipo de Guatemala<\/figcaption>\n\t\t\t\t\t\t\t\t\t\t<\/figure>\n\t\t\t\t\t\t\t\t\t<\/div>\n\t\t\t\t<\/div>\n\t\t\t\t\t<\/div>\n\t\t<\/div>\n\t\t\t\t\t\t\t<\/div>\n\t\t<\/section>\n\t\t\t\t<section class=\"elementor-section elementor-top-section elementor-element elementor-element-14a22a11 elementor-hidden-mobile elementor-section-boxed elementor-section-height-default elementor-section-height-default\" data-id=\"14a22a11\" data-element_type=\"section\">\n\t\t\t\t\t\t<div class=\"elementor-container elementor-column-gap-default\">\n\t\t\t\t\t<div class=\"elementor-column elementor-col-50 elementor-top-column elementor-element elementor-element-546ae316\" data-id=\"546ae316\" data-element_type=\"column\">\n\t\t\t<div class=\"elementor-widget-wrap elementor-element-populated\">\n\t\t\t\t\t\t\t\t<div class=\"elementor-element elementor-element-1ea88265 elementor-widget elementor-widget-image\" data-id=\"1ea88265\" data-element_type=\"widget\" data-widget_type=\"image.default\">\n\t\t\t\t<div class=\"elementor-widget-container\">\n\t\t\t\t\t\t\t\t\t\t\t\t\t\t\t<img loading=\"lazy\" decoding=\"async\" width=\"750\" height=\"750\" src=\"https:\/\/giornale.com.br\/ns\/wp-content\/uploads\/2022\/03\/qualificacao-05.jpg\" class=\"attachment-large size-large\" alt=\"\" srcset=\"https:\/\/giornale.com.br\/ns\/wp-content\/uploads\/2022\/03\/qualificacao-05.jpg 800w, https:\/\/giornale.com.br\/ns\/wp-content\/uploads\/2022\/03\/qualificacao-05-300x300.jpg 300w, https:\/\/giornale.com.br\/ns\/wp-content\/uploads\/2022\/03\/qualificacao-05-150x150.jpg 150w, https:\/\/giornale.com.br\/ns\/wp-content\/uploads\/2022\/03\/qualificacao-05-768x768.jpg 768w\" sizes=\"(max-width: 750px) 100vw, 750px\" style=\"width:100%;height:100%;max-width:800px\" \/>\t\t\t\t\t\t\t\t\t\t\t\t\t\t\t<\/div>\n\t\t\t\t<\/div>\n\t\t\t\t\t<\/div>\n\t\t<\/div>\n\t\t\t\t<div class=\"elementor-column elementor-col-50 elementor-top-column elementor-element elementor-element-54850c6\" data-id=\"54850c6\" data-element_type=\"column\">\n\t\t\t<div class=\"elementor-widget-wrap elementor-element-populated\">\n\t\t\t\t\t\t\t\t<div class=\"elementor-element elementor-element-43e826a1 elementor-widget elementor-widget-text-editor\" data-id=\"43e826a1\" data-element_type=\"widget\" data-widget_type=\"text-editor.default\">\n\t\t\t\t<div class=\"elementor-widget-container\">\n\t\t\t\t\t\t\t<p><span style=\"font-weight: 400;\">\u201cEn octubre de 2016 fuimos invitados al curso Florestal: Train the Trainer, dividido en dos partes: la primera en f\u00e1brica de STIHL en S\u00e3o Leopoldo y la segunda en S\u00e3o Francisco de Paula y en la empresa Reforestadores UNIDOS, S.A.<\/span><\/p><p>\u00a0<\/p><p><span style=\"font-weight: 400;\">En mi opini\u00f3n, fue un seminario muy bien hecho, bajo la supervisi\u00f3n de nuestro querido Paulo Serpe, en compa\u00f1\u00eda de varios colegas de STIHL, as\u00ed como de muchos representantes de los importadores. Si bien he participado en varios cursos y diferentes tipos de convenciones con distribuidores en Latinoam\u00e9rica, este me impresion\u00f3 porque tuvimos un trabajo te\u00f3rico, pr\u00e1ctico con las m\u00e1quinas de ajuste mec\u00e1nico, de seguridad, pero sobre todo la oportunidad de experimentar las actividades del trabajador forestal. Fue una mezcla interesante y muy exitosa. Estas experiencias nos permiten comprender y llevar los conocimientos adquiridos a terceros, beneficiando nuestro trabajo d\u00eda a d\u00eda. \u00a1Muchas gracias, STIHL!<\/span><\/p><p>\u00a0<\/p><p><strong>Roberto Gir\u00f3n, Director de Comeca, Guatemala<\/strong><\/p>\t\t\t\t\t\t<\/div>\n\t\t\t\t<\/div>\n\t\t\t\t\t<\/div>\n\t\t<\/div>\n\t\t\t\t\t\t\t<\/div>\n\t\t<\/section>\n\t\t\t\t<section class=\"elementor-section elementor-top-section elementor-element elementor-element-1b3e2baa elementor-section-full_width elementor-hidden-mobile elementor-section-height-default elementor-section-height-default\" data-id=\"1b3e2baa\" data-element_type=\"section\" data-settings=\"{&quot;background_background&quot;:&quot;classic&quot;}\">\n\t\t\t\t\t\t<div class=\"elementor-container elementor-column-gap-default\">\n\t\t\t\t\t<div class=\"elementor-column elementor-col-50 elementor-top-column elementor-element elementor-element-60c67660\" data-id=\"60c67660\" data-element_type=\"column\">\n\t\t\t<div class=\"elementor-widget-wrap elementor-element-populated\">\n\t\t\t\t\t\t\t\t<div class=\"elementor-element elementor-element-7d4e1c0f elementor-widget elementor-widget-image\" data-id=\"7d4e1c0f\" data-element_type=\"widget\" data-widget_type=\"image.default\">\n\t\t\t\t<div class=\"elementor-widget-container\">\n\t\t\t\t\t\t\t\t\t\t\t\t\t\t\t<img loading=\"lazy\" decoding=\"async\" width=\"740\" height=\"398\" src=\"https:\/\/giornale.com.br\/ns\/wp-content\/uploads\/2022\/03\/Screen-Shot-2022-03-20-at-22.25.48.png\" class=\"attachment-full size-full\" alt=\"\" srcset=\"https:\/\/giornale.com.br\/ns\/wp-content\/uploads\/2022\/03\/Screen-Shot-2022-03-20-at-22.25.48.png 740w, https:\/\/giornale.com.br\/ns\/wp-content\/uploads\/2022\/03\/Screen-Shot-2022-03-20-at-22.25.48-300x161.png 300w\" sizes=\"(max-width: 740px) 100vw, 740px\" style=\"width:100%;height:53.78%;max-width:740px\" \/>\t\t\t\t\t\t\t\t\t\t\t\t\t\t\t<\/div>\n\t\t\t\t<\/div>\n\t\t\t\t\t<\/div>\n\t\t<\/div>\n\t\t\t\t<div class=\"elementor-column elementor-col-50 elementor-top-column elementor-element elementor-element-571e7210\" data-id=\"571e7210\" data-element_type=\"column\">\n\t\t\t<div class=\"elementor-widget-wrap elementor-element-populated\">\n\t\t\t\t\t\t\t\t<div class=\"elementor-element elementor-element-5233f239 elementor-widget elementor-widget-heading\" data-id=\"5233f239\" data-element_type=\"widget\" data-widget_type=\"heading.default\">\n\t\t\t\t<div class=\"elementor-widget-container\">\n\t\t\t<h4 class=\"elementor-heading-title elementor-size-default\">\u00bfUSTED TIENE UNA PREGUNTA?<br> \u00a1ENTRE EN CONTACTO!<\/h4>\t\t<\/div>\n\t\t\t\t<\/div>\n\t\t\t\t<section class=\"elementor-section elementor-inner-section elementor-element elementor-element-46e4e4b0 elementor-section-boxed elementor-section-height-default elementor-section-height-default\" data-id=\"46e4e4b0\" data-element_type=\"section\">\n\t\t\t\t\t\t<div class=\"elementor-container elementor-column-gap-default\">\n\t\t\t\t\t<div class=\"elementor-column elementor-col-50 elementor-inner-column elementor-element elementor-element-31437ad1\" data-id=\"31437ad1\" data-element_type=\"column\">\n\t\t\t<div class=\"elementor-widget-wrap elementor-element-populated\">\n\t\t\t\t\t\t\t\t<div class=\"elementor-element elementor-element-7769e16 elementor-widget elementor-widget-text-editor\" data-id=\"7769e16\" data-element_type=\"widget\" data-widget_type=\"text-editor.default\">\n\t\t\t\t<div class=\"elementor-widget-container\">\n\t\t\t\t\t\t\t<p><strong>Andrea Chaverra<\/strong><br \/>+57-4 614 80 81 Ext. 116<br \/><a href=\"mailto:Andrea.chaverra@stihl.co\">Andrea.chaverra@stihl.co<\/a><\/p>\t\t\t\t\t\t<\/div>\n\t\t\t\t<\/div>\n\t\t\t\t\t<\/div>\n\t\t<\/div>\n\t\t\t\t<div class=\"elementor-column elementor-col-50 elementor-inner-column elementor-element elementor-element-428be638\" data-id=\"428be638\" data-element_type=\"column\">\n\t\t\t<div class=\"elementor-widget-wrap elementor-element-populated\">\n\t\t\t\t\t\t\t\t<div class=\"elementor-element elementor-element-3b224d44 elementor-widget elementor-widget-text-editor\" data-id=\"3b224d44\" data-element_type=\"widget\" data-widget_type=\"text-editor.default\">\n\t\t\t\t<div class=\"elementor-widget-container\">\n\t\t\t\t\t\t\t<p><strong>Roberto Gir\u00f3n<\/strong><br \/>+502 2200-3500<br \/>roberto.giron@comeca.com.gt<\/p>\t\t\t\t\t\t<\/div>\n\t\t\t\t<\/div>\n\t\t\t\t\t<\/div>\n\t\t<\/div>\n\t\t\t\t\t\t\t<\/div>\n\t\t<\/section>\n\t\t\t\t\t<\/div>\n\t\t<\/div>\n\t\t\t\t\t\t\t<\/div>\n\t\t<\/section>\n\t\t\t\t<section class=\"elementor-section elementor-top-section elementor-element elementor-element-28989bbc elementor-hidden-desktop elementor-hidden-tablet elementor-section-boxed elementor-section-height-default elementor-section-height-default\" data-id=\"28989bbc\" data-element_type=\"section\">\n\t\t\t\t\t\t<div class=\"elementor-container elementor-column-gap-default\">\n\t\t\t\t\t<div class=\"elementor-column elementor-col-100 elementor-top-column elementor-element elementor-element-4b92be13\" data-id=\"4b92be13\" data-element_type=\"column\">\n\t\t\t<div class=\"elementor-widget-wrap elementor-element-populated\">\n\t\t\t\t\t\t\t\t<div class=\"elementor-element elementor-element-3c10f325 elementor-widget elementor-widget-heading\" data-id=\"3c10f325\" data-element_type=\"widget\" data-widget_type=\"heading.default\">\n\t\t\t\t<div class=\"elementor-widget-container\">\n\t\t\t<h4 class=\"elementor-heading-title elementor-size-default\">CUANTO M\u00c1S CONOCIMIENTO TENEMOS, M\u00c1S\nCALIFICADOS ESTAREMOS, DESARROLLANDONOS\nPERSONAL Y PROFESIONALMENTE.\n<\/h4>\t\t<\/div>\n\t\t\t\t<\/div>\n\t\t\t\t<div class=\"elementor-element elementor-element-342682e8 elementor-widget elementor-widget-text-editor\" data-id=\"342682e8\" data-element_type=\"widget\" data-widget_type=\"text-editor.default\">\n\t\t\t\t<div class=\"elementor-widget-container\">\n\t\t\t\t\t\t\t<p><span style=\"font-weight: 400;\">Andrea Chaverra de Colombia comparti\u00f3 sus pensamientos sobre la necesidad de capacitaci\u00f3n constante, y Roberto Gir\u00f3n, de Guatemala, cont\u00f3 sobre un entrenamiento que fue inolvidable. \u00a1Lea!<\/span><\/p>\t\t\t\t\t\t<\/div>\n\t\t\t\t<\/div>\n\t\t\t\t<section class=\"elementor-section elementor-inner-section elementor-element elementor-element-627e6b47 elementor-section-boxed elementor-section-height-default elementor-section-height-default\" data-id=\"627e6b47\" data-element_type=\"section\">\n\t\t\t\t\t\t<div class=\"elementor-container elementor-column-gap-default\">\n\t\t\t\t\t<div class=\"elementor-column elementor-col-100 elementor-inner-column elementor-element elementor-element-2612e13\" data-id=\"2612e13\" data-element_type=\"column\">\n\t\t\t<div class=\"elementor-widget-wrap elementor-element-populated\">\n\t\t\t\t\t\t\t\t<div class=\"elementor-element elementor-element-6b7bd19f elementor-widget elementor-widget-image\" data-id=\"6b7bd19f\" data-element_type=\"widget\" data-widget_type=\"image.default\">\n\t\t\t\t<div class=\"elementor-widget-container\">\n\t\t\t\t\t\t\t\t\t\t\t\t<figure class=\"wp-caption\">\n\t\t\t\t\t\t\t\t\t\t<img loading=\"lazy\" decoding=\"async\" width=\"750\" height=\"422\" src=\"https:\/\/giornale.com.br\/ns\/wp-content\/uploads\/2022\/03\/qualificacao-01.jpg\" class=\"attachment-large size-large\" alt=\"\" srcset=\"https:\/\/giornale.com.br\/ns\/wp-content\/uploads\/2022\/03\/qualificacao-01.jpg 800w, https:\/\/giornale.com.br\/ns\/wp-content\/uploads\/2022\/03\/qualificacao-01-300x169.jpg 300w, https:\/\/giornale.com.br\/ns\/wp-content\/uploads\/2022\/03\/qualificacao-01-768x432.jpg 768w\" sizes=\"(max-width: 750px) 100vw, 750px\" style=\"width:100%;height:56.25%;max-width:800px\" \/>\t\t\t\t\t\t\t\t\t\t\t<figcaption class=\"widget-image-caption wp-caption-text\">Entrenamiento en Colombia. Solamente con conocimiento vamos m\u00e1s lejos<\/figcaption>\n\t\t\t\t\t\t\t\t\t\t<\/figure>\n\t\t\t\t\t\t\t\t\t<\/div>\n\t\t\t\t<\/div>\n\t\t\t\t\t<\/div>\n\t\t<\/div>\n\t\t\t\t\t\t\t<\/div>\n\t\t<\/section>\n\t\t\t\t<section class=\"elementor-section elementor-inner-section elementor-element elementor-element-22f4889f elementor-section-boxed elementor-section-height-default elementor-section-height-default\" data-id=\"22f4889f\" data-element_type=\"section\" data-settings=\"{&quot;background_background&quot;:&quot;classic&quot;}\">\n\t\t\t\t\t\t<div class=\"elementor-container elementor-column-gap-default\">\n\t\t\t\t\t<div class=\"elementor-column elementor-col-100 elementor-inner-column elementor-element elementor-element-7b13ce46\" data-id=\"7b13ce46\" data-element_type=\"column\">\n\t\t\t<div class=\"elementor-widget-wrap elementor-element-populated\">\n\t\t\t\t\t\t\t\t<div class=\"elementor-element elementor-element-2560588e elementor-widget elementor-widget-image\" data-id=\"2560588e\" data-element_type=\"widget\" data-widget_type=\"image.default\">\n\t\t\t\t<div class=\"elementor-widget-container\">\n\t\t\t\t\t\t\t\t\t\t\t\t\t\t\t<img loading=\"lazy\" decoding=\"async\" width=\"750\" height=\"750\" src=\"https:\/\/giornale.com.br\/ns\/wp-content\/uploads\/2022\/03\/qualificacao-02.jpg\" class=\"attachment-large size-large\" alt=\"\" srcset=\"https:\/\/giornale.com.br\/ns\/wp-content\/uploads\/2022\/03\/qualificacao-02.jpg 800w, https:\/\/giornale.com.br\/ns\/wp-content\/uploads\/2022\/03\/qualificacao-02-300x300.jpg 300w, https:\/\/giornale.com.br\/ns\/wp-content\/uploads\/2022\/03\/qualificacao-02-150x150.jpg 150w, https:\/\/giornale.com.br\/ns\/wp-content\/uploads\/2022\/03\/qualificacao-02-768x768.jpg 768w\" sizes=\"(max-width: 750px) 100vw, 750px\" style=\"width:100%;height:100%;max-width:800px\" \/>\t\t\t\t\t\t\t\t\t\t\t\t\t\t\t<\/div>\n\t\t\t\t<\/div>\n\t\t\t\t<div class=\"elementor-element elementor-element-6be29131 elementor-widget elementor-widget-text-editor\" data-id=\"6be29131\" data-element_type=\"widget\" data-widget_type=\"text-editor.default\">\n\t\t\t\t<div class=\"elementor-widget-container\">\n\t\t\t\t\t\t\t<p><span style=\"font-weight: 400;\">\u201cLa formaci\u00f3n no es preparaci\u00f3n para la vida; la educaci\u00f3n es la propia vida\u201d<\/span><\/p><p><strong>John Dewey, fil\u00f3sofo y pedagogo norteamericano (1859-1952).<\/strong><\/p>\t\t\t\t\t\t<\/div>\n\t\t\t\t<\/div>\n\t\t\t\t\t<\/div>\n\t\t<\/div>\n\t\t\t\t\t\t\t<\/div>\n\t\t<\/section>\n\t\t\t\t<div class=\"elementor-element elementor-element-48e40fa8 elementor-widget elementor-widget-image\" data-id=\"48e40fa8\" data-element_type=\"widget\" data-widget_type=\"image.default\">\n\t\t\t\t<div class=\"elementor-widget-container\">\n\t\t\t\t\t\t\t\t\t\t\t\t\t\t\t<img loading=\"lazy\" decoding=\"async\" width=\"750\" height=\"750\" src=\"https:\/\/giornale.com.br\/ns\/wp-content\/uploads\/2022\/03\/qualificacao-03.jpg\" class=\"attachment-large size-large\" alt=\"\" srcset=\"https:\/\/giornale.com.br\/ns\/wp-content\/uploads\/2022\/03\/qualificacao-03.jpg 800w, https:\/\/giornale.com.br\/ns\/wp-content\/uploads\/2022\/03\/qualificacao-03-300x300.jpg 300w, https:\/\/giornale.com.br\/ns\/wp-content\/uploads\/2022\/03\/qualificacao-03-150x150.jpg 150w, https:\/\/giornale.com.br\/ns\/wp-content\/uploads\/2022\/03\/qualificacao-03-768x768.jpg 768w\" sizes=\"(max-width: 750px) 100vw, 750px\" style=\"width:100%;height:100%;max-width:800px\" \/>\t\t\t\t\t\t\t\t\t\t\t\t\t\t\t<\/div>\n\t\t\t\t<\/div>\n\t\t\t\t<div class=\"elementor-element elementor-element-2a83db35 elementor-widget elementor-widget-text-editor\" data-id=\"2a83db35\" data-element_type=\"widget\" data-widget_type=\"text-editor.default\">\n\t\t\t\t<div class=\"elementor-widget-container\">\n\t\t\t\t\t\t\t<p><span style=\"font-weight: 400;\">\u201cLa formaci\u00f3n personal y profesional nos aporta conocimientos, pero tambi\u00e9n habilidades y confianza en el d\u00eda a d\u00eda. Tener capacitaci\u00f3n continua nos ayuda a construir un camino preciso en este mundo donde los cambios y la evoluci\u00f3n son constantes, con la necesidad de estar siempre a la vanguardia.<\/span><\/p><p>\u00a0<\/p><p><span style=\"font-weight: 400;\">El mercado laboral es acelerado y las empresas tienen un panorama altamente competitivo. Es por eso que debemos prepararnos para enfrentar los desaf\u00edos tanto en t\u00e9rminos de habilidades t\u00e9cnicas como de habilidades sociales.<\/span><\/p><p>\u00a0<\/p><p><span style=\"font-weight: 400;\">En STIHL recibimos capacitaci\u00f3n permanente. El conocimiento de la marca y del producto nos da una sensaci\u00f3n de pertenencia y aumenta nuestras capacidades.<\/span><\/p><p>\u00a0<\/p><p><span style=\"font-weight: 400;\">Gracias a esta formaci\u00f3n seremos capaces de alcanzar con \u00e9xito los objetivos que nos propongamos y afrontaremos nuevos retos. Esto tiene un impacto positivo en nuestra motivaci\u00f3n laboral y satisfacci\u00f3n personal\u201d.<\/span><\/p><p>\u00a0<\/p><p><strong>Andrea Chaverra, Gerente de Mercadeo STIHL Colombia<\/strong><\/p>\t\t\t\t\t\t<\/div>\n\t\t\t\t<\/div>\n\t\t\t\t<div class=\"elementor-element elementor-element-440f842d elementor-widget elementor-widget-image\" data-id=\"440f842d\" data-element_type=\"widget\" data-widget_type=\"image.default\">\n\t\t\t\t<div class=\"elementor-widget-container\">\n\t\t\t\t\t\t\t\t\t\t\t\t<figure class=\"wp-caption\">\n\t\t\t\t\t\t\t\t\t\t<img loading=\"lazy\" decoding=\"async\" width=\"750\" height=\"422\" src=\"https:\/\/giornale.com.br\/ns\/wp-content\/uploads\/2022\/03\/qualificacao-04.jpg\" class=\"attachment-large size-large\" alt=\"\" srcset=\"https:\/\/giornale.com.br\/ns\/wp-content\/uploads\/2022\/03\/qualificacao-04.jpg 800w, https:\/\/giornale.com.br\/ns\/wp-content\/uploads\/2022\/03\/qualificacao-04-300x169.jpg 300w, https:\/\/giornale.com.br\/ns\/wp-content\/uploads\/2022\/03\/qualificacao-04-768x432.jpg 768w\" sizes=\"(max-width: 750px) 100vw, 750px\" style=\"width:100%;height:56.25%;max-width:800px\" \/>\t\t\t\t\t\t\t\t\t\t\t<figcaption class=\"widget-image-caption wp-caption-text\">Semanario \u201cTrain the Trainer\u201d realizado en Brasil, marc\u00f3 al equipo de Guatemala<\/figcaption>\n\t\t\t\t\t\t\t\t\t\t<\/figure>\n\t\t\t\t\t\t\t\t\t<\/div>\n\t\t\t\t<\/div>\n\t\t\t\t<div class=\"elementor-element elementor-element-12d098d3 elementor-widget elementor-widget-image\" data-id=\"12d098d3\" data-element_type=\"widget\" data-widget_type=\"image.default\">\n\t\t\t\t<div class=\"elementor-widget-container\">\n\t\t\t\t\t\t\t\t\t\t\t\t\t\t\t<img loading=\"lazy\" decoding=\"async\" width=\"750\" height=\"750\" src=\"https:\/\/giornale.com.br\/ns\/wp-content\/uploads\/2022\/03\/qualificacao-05.jpg\" class=\"attachment-large size-large\" alt=\"\" srcset=\"https:\/\/giornale.com.br\/ns\/wp-content\/uploads\/2022\/03\/qualificacao-05.jpg 800w, https:\/\/giornale.com.br\/ns\/wp-content\/uploads\/2022\/03\/qualificacao-05-300x300.jpg 300w, https:\/\/giornale.com.br\/ns\/wp-content\/uploads\/2022\/03\/qualificacao-05-150x150.jpg 150w, https:\/\/giornale.com.br\/ns\/wp-content\/uploads\/2022\/03\/qualificacao-05-768x768.jpg 768w\" sizes=\"(max-width: 750px) 100vw, 750px\" style=\"width:100%;height:100%;max-width:800px\" \/>\t\t\t\t\t\t\t\t\t\t\t\t\t\t\t<\/div>\n\t\t\t\t<\/div>\n\t\t\t\t<div class=\"elementor-element elementor-element-6de68044 elementor-widget elementor-widget-text-editor\" data-id=\"6de68044\" data-element_type=\"widget\" data-widget_type=\"text-editor.default\">\n\t\t\t\t<div class=\"elementor-widget-container\">\n\t\t\t\t\t\t\t<p><span style=\"font-weight: 400;\">\u201cEn octubre de 2016 fuimos invitados al curso Florestal: Train the Trainer, dividido en dos partes: la primera en f\u00e1brica de STIHL en S\u00e3o Leopoldo y la segunda en S\u00e3o Francisco de Paula y en la empresa Reforestadores UNIDOS, S.A.<\/span><\/p><p>\u00a0<\/p><p><span style=\"font-weight: 400;\">En mi opini\u00f3n, fue un seminario muy bien hecho, bajo la supervisi\u00f3n de nuestro querido Paulo Serpe, en compa\u00f1\u00eda de varios colegas de STIHL, as\u00ed como de muchos representantes de los importadores. Si bien he participado en varios cursos y diferentes tipos de convenciones con distribuidores en Latinoam\u00e9rica, este me impresion\u00f3 porque tuvimos un trabajo te\u00f3rico, pr\u00e1ctico con las m\u00e1quinas de ajuste mec\u00e1nico, de seguridad, pero sobre todo la oportunidad de experimentar las actividades del trabajador forestal. Fue una mezcla interesante y muy exitosa. Estas experiencias nos permiten comprender y llevar los conocimientos adquiridos a terceros, beneficiando nuestro trabajo d\u00eda a d\u00eda. \u00a1Muchas gracias, STIHL!<\/span><\/p><p>\u00a0<\/p><p><strong>Roberto Gir\u00f3n, Director de Comeca, Guatemala<\/strong><\/p>\t\t\t\t\t\t<\/div>\n\t\t\t\t<\/div>\n\t\t\t\t\t<\/div>\n\t\t<\/div>\n\t\t\t\t\t\t\t<\/div>\n\t\t<\/section>\n\t\t\t\t<section class=\"elementor-section elementor-top-section elementor-element elementor-element-7c038a9 elementor-hidden-desktop elementor-hidden-tablet elementor-section-boxed elementor-section-height-default elementor-section-height-default\" data-id=\"7c038a9\" data-element_type=\"section\" data-settings=\"{&quot;background_background&quot;:&quot;classic&quot;}\">\n\t\t\t\t\t\t<div class=\"elementor-container elementor-column-gap-default\">\n\t\t\t\t\t<div class=\"elementor-column elementor-col-33 elementor-top-column elementor-element elementor-element-65caa4b6\" data-id=\"65caa4b6\" data-element_type=\"column\">\n\t\t\t<div class=\"elementor-widget-wrap\">\n\t\t\t\t\t\t\t\t\t<\/div>\n\t\t<\/div>\n\t\t\t\t<div class=\"elementor-column elementor-col-33 elementor-top-column elementor-element elementor-element-42a0629b\" data-id=\"42a0629b\" data-element_type=\"column\">\n\t\t\t<div class=\"elementor-widget-wrap elementor-element-populated\">\n\t\t\t\t\t\t\t\t<div class=\"elementor-element elementor-element-21367c27 elementor-widget elementor-widget-image\" data-id=\"21367c27\" data-element_type=\"widget\" data-widget_type=\"image.default\">\n\t\t\t\t<div class=\"elementor-widget-container\">\n\t\t\t\t\t\t\t\t\t\t\t\t\t\t\t<img loading=\"lazy\" decoding=\"async\" width=\"740\" height=\"398\" src=\"https:\/\/giornale.com.br\/ns\/wp-content\/uploads\/2022\/03\/Screen-Shot-2022-03-20-at-22.25.48.png\" class=\"attachment-full size-full\" alt=\"\" srcset=\"https:\/\/giornale.com.br\/ns\/wp-content\/uploads\/2022\/03\/Screen-Shot-2022-03-20-at-22.25.48.png 740w, https:\/\/giornale.com.br\/ns\/wp-content\/uploads\/2022\/03\/Screen-Shot-2022-03-20-at-22.25.48-300x161.png 300w\" sizes=\"(max-width: 740px) 100vw, 740px\" style=\"width:100%;height:53.78%;max-width:740px\" \/>\t\t\t\t\t\t\t\t\t\t\t\t\t\t\t<\/div>\n\t\t\t\t<\/div>\n\t\t\t\t\t<\/div>\n\t\t<\/div>\n\t\t\t\t<div class=\"elementor-column elementor-col-33 elementor-top-column elementor-element elementor-element-59094a69\" data-id=\"59094a69\" data-element_type=\"column\">\n\t\t\t<div class=\"elementor-widget-wrap elementor-element-populated\">\n\t\t\t\t\t\t\t\t<div class=\"elementor-element elementor-element-6f55be99 elementor-widget elementor-widget-heading\" data-id=\"6f55be99\" data-element_type=\"widget\" data-widget_type=\"heading.default\">\n\t\t\t\t<div class=\"elementor-widget-container\">\n\t\t\t<h4 class=\"elementor-heading-title elementor-size-default\">\u00bfUSTED TIENE UNA PREGUNTA? \u00a1ENTRE EN CONTACTO!<\/h4>\t\t<\/div>\n\t\t\t\t<\/div>\n\t\t\t\t<section class=\"elementor-section elementor-inner-section elementor-element elementor-element-2d374c2c elementor-section-boxed elementor-section-height-default elementor-section-height-default\" data-id=\"2d374c2c\" data-element_type=\"section\">\n\t\t\t\t\t\t<div class=\"elementor-container elementor-column-gap-default\">\n\t\t\t\t\t<div class=\"elementor-column elementor-col-50 elementor-inner-column elementor-element elementor-element-71ab7181\" data-id=\"71ab7181\" data-element_type=\"column\">\n\t\t\t<div class=\"elementor-widget-wrap elementor-element-populated\">\n\t\t\t\t\t\t\t\t<div class=\"elementor-element elementor-element-5e6ccd6a elementor-widget elementor-widget-text-editor\" data-id=\"5e6ccd6a\" data-element_type=\"widget\" data-widget_type=\"text-editor.default\">\n\t\t\t\t<div class=\"elementor-widget-container\">\n\t\t\t\t\t\t\t<p><strong>Andrea Chaverra<\/strong><br \/>+57-4 614 80 81 Ext. 116<br \/><a href=\"mailto:Andrea.chaverra@stihl.co\">Andrea.chaverra@stihl.co<\/a><\/p>\t\t\t\t\t\t<\/div>\n\t\t\t\t<\/div>\n\t\t\t\t\t<\/div>\n\t\t<\/div>\n\t\t\t\t<div class=\"elementor-column elementor-col-50 elementor-inner-column elementor-element elementor-element-64acfa1f\" data-id=\"64acfa1f\" data-element_type=\"column\">\n\t\t\t<div class=\"elementor-widget-wrap elementor-element-populated\">\n\t\t\t\t\t\t\t\t<div class=\"elementor-element elementor-element-33d0d5aa elementor-widget elementor-widget-text-editor\" data-id=\"33d0d5aa\" data-element_type=\"widget\" data-widget_type=\"text-editor.default\">\n\t\t\t\t<div class=\"elementor-widget-container\">\n\t\t\t\t\t\t\t<p><strong>Roberto Gir\u00f3n<\/strong><br \/>+502 2200-3500<br \/>roberto.giron@comeca.com.gt<\/p>\t\t\t\t\t\t<\/div>\n\t\t\t\t<\/div>\n\t\t\t\t\t<\/div>\n\t\t<\/div>\n\t\t\t\t\t\t\t<\/div>\n\t\t<\/section>\n\t\t\t\t\t<\/div>\n\t\t<\/div>\n\t\t\t\t\t\t\t<\/div>\n\t\t<\/section>\n\t\t\t\t\t\t<\/div>\n\t\t\t\t\t<\/div>\n\t\t","protected":false},"excerpt":{"rendered":"<p>CUANTO M\u00c1S CONOCIMIENTO TENEMOS, M\u00c1S CALIFICADOS ESTAREMOS, DESARROLLANDONOS PERSONAL Y PROFESIONALMENTE. Andrea Chaverra de Colombia comparti\u00f3 sus pensamientos sobre la necesidad de capacitaci\u00f3n constante, y Roberto Gir\u00f3n, de Guatemala, cont\u00f3 sobre un entrenamiento que fue inolvidable. \u00a1Lea! Entrenamiento en Colombia. Solamente con conocimiento vamos m\u00e1s lejos \u201cLa formaci\u00f3n no es preparaci\u00f3n para la vida; la&hellip; <a class=\"more-link\" href=\"https:\/\/giornale.com.br\/ns\/formacion-que-transforma\/\">Continuar lendo <span class=\"screen-reader-text\">Formaci\u00f3n que transforma<\/span><\/a><\/p>\n","protected":false},"author":1,"featured_media":1720,"comment_status":"closed","ping_status":"closed","sticky":false,"template":"","format":"standard","meta":{"footnotes":""},"categories":[34],"tags":[19],"_links":{"self":[{"href":"https:\/\/giornale.com.br\/ns\/wp-json\/wp\/v2\/posts\/1796"}],"collection":[{"href":"https:\/\/giornale.com.br\/ns\/wp-json\/wp\/v2\/posts"}],"about":[{"href":"https:\/\/giornale.com.br\/ns\/wp-json\/wp\/v2\/types\/post"}],"author":[{"embeddable":true,"href":"https:\/\/giornale.com.br\/ns\/wp-json\/wp\/v2\/users\/1"}],"replies":[{"embeddable":true,"href":"https:\/\/giornale.com.br\/ns\/wp-json\/wp\/v2\/comments?post=1796"}],"version-history":[{"count":24,"href":"https:\/\/giornale.com.br\/ns\/wp-json\/wp\/v2\/posts\/1796\/revisions"}],"predecessor-version":[{"id":2079,"href":"https:\/\/giornale.com.br\/ns\/wp-json\/wp\/v2\/posts\/1796\/revisions\/2079"}],"wp:featuredmedia":[{"embeddable":true,"href":"https:\/\/giornale.com.br\/ns\/wp-json\/wp\/v2\/media\/1720"}],"wp:attachment":[{"href":"https:\/\/giornale.com.br\/ns\/wp-json\/wp\/v2\/media?parent=1796"}],"wp:term":[{"taxonomy":"category","embeddable":true,"href":"https:\/\/giornale.com.br\/ns\/wp-json\/wp\/v2\/categories?post=1796"},{"taxonomy":"post_tag","embeddable":true,"href":"https:\/\/giornale.com.br\/ns\/wp-json\/wp\/v2\/tags?post=1796"}],"curies":[{"name":"wp","href":"https:\/\/api.w.org\/{rel}","templated":true}]}}